{"id":3099,"date":"2025-07-07T14:11:22","date_gmt":"2025-07-07T14:11:22","guid":{"rendered":"https:\/\/windfloat-atlantic.com\/?p=3099"},"modified":"2026-04-27T14:11:37","modified_gmt":"2026-04-27T14:11:37","slug":"ocean-winds-concluye-con-exito-una-nueva-edicion-del-programa-educativo-wind-experts-en-viana-do-castelo-portugal","status":"publish","type":"post","link":"https:\/\/windfloat-atlantic.com\/es\/ocean-winds-concluye-con-exito-una-nueva-edicion-del-programa-educativo-wind-experts-en-viana-do-castelo-portugal\/","title":{"rendered":"Ocean Winds concluye con \u00e9xito una nueva edici\u00f3n del programa educativo \u201cWind Experts\u201d en Viana do Castelo, Portugal"},"content":{"rendered":"\n<p><strong>Viana do Castelo, 7 de julio. <\/strong>Ocean Winds (una joint venture al 50\/50 entre EDP Renov\u00e1veis y ENGIE), principal accionista del parque e\u00f3lico offshore flotante WindFloat Atlantic ubicado en Viana do Castelo, ha concluido con \u00e9xito la tercera edici\u00f3n de su programa educativo \u201cWind Experts\u201d, con una ceremonia de clausura muy din\u00e1mica y participativa, que incluy\u00f3 la celebraci\u00f3n final y la entrega de premios a la escuela y al grupo de alumnos ganadores.<\/p>\n\n\n\n<p>Tras dos ediciones previas exitosas, este a\u00f1o el programa reuni\u00f3 a m\u00e1s de 150 estudiantes procedentes de cinco centros educativos de la regi\u00f3n de Viana do Castelo: Escola B\u00e1sica 2,3 da Abelheira, Escola B\u00e1sica 2,3 de Carteado Mena, Escola B\u00e1sica da Foz do Castelo de Neiva, Escola B\u00e1sica 2,3 Dr. Pedro Barbosa y Escola B\u00e1sica e Secund\u00e1ria Pintor Jos\u00e9 de Brito.<\/p>\n\n\n\n<p>\u201cWind Experts\u201d tiene como objetivo sensibilizar a las generaciones m\u00e1s j\u00f3venes sobre el reto global del cambio clim\u00e1tico y sobre los beneficios y el potencial de las energ\u00edas renovables, en particular de la energ\u00eda e\u00f3lica offshore, en su mitigaci\u00f3n. En este contexto, los estudiantes participaron en varios m\u00f3dulos con contenidos pedag\u00f3gicos (v\u00eddeos) de sensibilizaci\u00f3n sobre el cambio clim\u00e1tico y soluciones eficaces para mitigar sus efectos.<\/p>\n\n\n\n<p>La siguiente fase consisti\u00f3 en una competici\u00f3n entre los estudiantes, cuyo principal reto fue construir un modelo de aerogenerador utilizando materiales reciclados e inspir\u00e1ndose en el parque e\u00f3lico offshore flotante WindFloat Atlantic. Esta competici\u00f3n foment\u00f3 el trabajo en equipo, impuls\u00f3 la creatividad y promovi\u00f3 el desarrollo de ideas innovadoras, culminando con la selecci\u00f3n de un equipo ganador.<\/p>\n\n\n\n<p>El evento de clausura y la ceremonia de entrega de premios, celebrados en el auditorio de la Escola Superior de Sa\u00fade del IPVC \u2013 Instituto Polit\u00e9cnico de Viana do Castelo, cont\u00f3 con la presencia del equipo de OW, todos los alumnos y profesores participantes en esta edici\u00f3n, y representantes del Ayuntamiento de Viana do Castelo, a trav\u00e9s del CMIA (Centro de Monitorizaci\u00f3n e Interpretaci\u00f3n Ambiental).<\/p>\n\n\n\n<p>La selecci\u00f3n del grupo ganador fue realizada por el comit\u00e9 de Ocean Winds, que evalu\u00f3 cada uno de los proyectos presentados en funci\u00f3n de su dise\u00f1o, funcionalidad, creatividad y mensaje. El grupo ganador estuvo formado por cuatro alumnos de la Escola B\u00e1sica 2,3 Dr. Pedro Barbosa del Agrupamento de Escolas de Monserrate. La escuela recibi\u00f3 un cheque de 3.000 \u20ac, y cada miembro del equipo ganador fue premiado con un iPad.<\/p>\n\n\n\n<p>Adem\u00e1s, todos los estudiantes recibieron un certificado de participaci\u00f3n, reconociendo su implicaci\u00f3n y esfuerzo en esta iniciativa que impulsa la creatividad.<\/p>\n\n\n\n<p>La iniciativa \u201cWind Experts\u201d forma parte del compromiso de Ocean Winds con la inversi\u00f3n en la sociedad y en las comunidades locales donde desarrolla sus proyectos, con especial \u00e9nfasis en la difusi\u00f3n y promoci\u00f3n del conocimiento entre las generaciones m\u00e1s j\u00f3venes. En este sentido, y con el apoyo del Ayuntamiento de Viana do Castelo, se est\u00e1n llevando a cabo diversas acciones sociales en la regi\u00f3n.<\/p>\n","protected":false},"excerpt":{"rendered":"<p>Viana do Castelo, 7 de julio. Ocean Winds (una joint venture al 50\/50 entre EDP Renov\u00e1veis y ENGIE), principal accionista del parque e\u00f3lico offshore flotante WindFloat Atlantic ubicado en Viana do Castelo, ha concluido con \u00e9xito la tercera edici\u00f3n de su programa educativo \u201cWind Experts\u201d, con una ceremonia de clausura muy din\u00e1mica y participativa, que [&hellip;]<\/p>\n","protected":false},"author":104,"featured_media":2819,"comment_status":"open","ping_status":"closed","sticky":false,"template":"","format":"standard","meta":{"_acf_changed":false,"footnotes":""},"categories":[11],"tags":[],"class_list":["post-3099","post","type-post","status-publish","format-standard","has-post-thumbnail","hentry","category-sin-categorizar"],"acf":[],"yoast_head":"<!-- This site is optimized with the Yoast SEO plugin v27.4 - https:\/\/yoast.com\/product\/yoast-seo-wordpress\/ -->\n<title>Ocean Winds concluye con \u00e9xito una nueva edici\u00f3n del programa educativo \u201cWind Experts\u201d en Viana do Castelo, Portugal | Windfloat Atlantic<\/title>\n<meta name=\"robots\" content=\"index, follow, max-snippet:-1, max-image-preview:large, max-video-preview:-1\" \/>\n<link rel=\"canonical\" href=\"https:\/\/windfloat-atlantic.com\/es\/ocean-winds-concluye-con-exito-una-nueva-edicion-del-programa-educativo-wind-experts-en-viana-do-castelo-portugal\/\" \/>\n<meta property=\"og:locale\" content=\"es_ES\" \/>\n<meta property=\"og:type\" content=\"article\" \/>\n<meta property=\"og:title\" content=\"Ocean Winds concluye con \u00e9xito una nueva edici\u00f3n del programa educativo \u201cWind Experts\u201d en Viana do Castelo, Portugal | Windfloat Atlantic\" \/>\n<meta property=\"og:description\" content=\"Viana do Castelo, 7 de julio. Ocean Winds (una joint venture al 50\/50 entre EDP Renov\u00e1veis y ENGIE), principal accionista del parque e\u00f3lico offshore flotante WindFloat Atlantic ubicado en Viana do Castelo, ha concluido con \u00e9xito la tercera edici\u00f3n de su programa educativo \u201cWind Experts\u201d, con una ceremonia de clausura muy din\u00e1mica y participativa, que [&hellip;]\" \/>\n<meta property=\"og:url\" content=\"https:\/\/windfloat-atlantic.com\/es\/ocean-winds-concluye-con-exito-una-nueva-edicion-del-programa-educativo-wind-experts-en-viana-do-castelo-portugal\/\" \/>\n<meta property=\"og:site_name\" content=\"Windfloat Atlantic\" \/>\n<meta property=\"article:published_time\" content=\"2025-07-07T14:11:22+00:00\" \/>\n<meta property=\"article:modified_time\" content=\"2026-04-27T14:11:37+00:00\" \/>\n<meta property=\"og:image\" content=\"https:\/\/windfloat-atlantic.com\/wp-content\/uploads\/2026\/02\/Wind-Experts-2025-PT-scaled.jpg\" \/>\n\t<meta property=\"og:image:width\" content=\"2560\" \/>\n\t<meta property=\"og:image:height\" content=\"1500\" \/>\n\t<meta property=\"og:image:type\" content=\"image\/jpeg\" \/>\n<meta name=\"author\" content=\"claudia.barreiro\" \/>\n<meta name=\"twitter:card\" content=\"summary_large_image\" \/>\n<meta name=\"twitter:label1\" content=\"Escrito por\" \/>\n\t<meta name=\"twitter:data1\" content=\"claudia.barreiro\" \/>\n\t<meta name=\"twitter:label2\" content=\"Tiempo de lectura\" \/>\n\t<meta name=\"twitter:data2\" content=\"3 minutos\" \/>\n<script type=\"application\/ld+json\" class=\"yoast-schema-graph\">{\"@context\":\"https:\\\/\\\/schema.org\",\"@graph\":[{\"@type\":\"Article\",\"@id\":\"https:\\\/\\\/windfloat-atlantic.com\\\/es\\\/ocean-winds-concluye-con-exito-una-nueva-edicion-del-programa-educativo-wind-experts-en-viana-do-castelo-portugal\\\/#article\",\"isPartOf\":{\"@id\":\"https:\\\/\\\/windfloat-atlantic.com\\\/es\\\/ocean-winds-concluye-con-exito-una-nueva-edicion-del-programa-educativo-wind-experts-en-viana-do-castelo-portugal\\\/\"},\"author\":{\"name\":\"claudia.barreiro\",\"@id\":\"https:\\\/\\\/windfloat-atlantic.com\\\/#\\\/schema\\\/person\\\/def3ccdd491df4212cdb4b414f0134fb\"},\"headline\":\"Ocean Winds concluye con \u00e9xito una nueva edici\u00f3n del programa educativo \u201cWind Experts\u201d en Viana do Castelo, Portugal\",\"datePublished\":\"2025-07-07T14:11:22+00:00\",\"dateModified\":\"2026-04-27T14:11:37+00:00\",\"mainEntityOfPage\":{\"@id\":\"https:\\\/\\\/windfloat-atlantic.com\\\/es\\\/ocean-winds-concluye-con-exito-una-nueva-edicion-del-programa-educativo-wind-experts-en-viana-do-castelo-portugal\\\/\"},\"wordCount\":538,\"commentCount\":0,\"publisher\":{\"@id\":\"https:\\\/\\\/windfloat-atlantic.com\\\/#organization\"},\"image\":{\"@id\":\"https:\\\/\\\/windfloat-atlantic.com\\\/es\\\/ocean-winds-concluye-con-exito-una-nueva-edicion-del-programa-educativo-wind-experts-en-viana-do-castelo-portugal\\\/#primaryimage\"},\"thumbnailUrl\":\"https:\\\/\\\/windfloat-atlantic.com\\\/wp-content\\\/uploads\\\/2026\\\/02\\\/Wind-Experts-2025-PT-scaled.jpg\",\"articleSection\":[\"Sin categorizar\"],\"inLanguage\":\"es\",\"potentialAction\":[{\"@type\":\"CommentAction\",\"name\":\"Comment\",\"target\":[\"https:\\\/\\\/windfloat-atlantic.com\\\/es\\\/ocean-winds-concluye-con-exito-una-nueva-edicion-del-programa-educativo-wind-experts-en-viana-do-castelo-portugal\\\/#respond\"]}]},{\"@type\":\"WebPage\",\"@id\":\"https:\\\/\\\/windfloat-atlantic.com\\\/es\\\/ocean-winds-concluye-con-exito-una-nueva-edicion-del-programa-educativo-wind-experts-en-viana-do-castelo-portugal\\\/\",\"url\":\"https:\\\/\\\/windfloat-atlantic.com\\\/es\\\/ocean-winds-concluye-con-exito-una-nueva-edicion-del-programa-educativo-wind-experts-en-viana-do-castelo-portugal\\\/\",\"name\":\"Ocean Winds concluye con \u00e9xito una nueva edici\u00f3n del programa educativo \u201cWind Experts\u201d en Viana do Castelo, Portugal | Windfloat Atlantic\",\"isPartOf\":{\"@id\":\"https:\\\/\\\/windfloat-atlantic.com\\\/#website\"},\"primaryImageOfPage\":{\"@id\":\"https:\\\/\\\/windfloat-atlantic.com\\\/es\\\/ocean-winds-concluye-con-exito-una-nueva-edicion-del-programa-educativo-wind-experts-en-viana-do-castelo-portugal\\\/#primaryimage\"},\"image\":{\"@id\":\"https:\\\/\\\/windfloat-atlantic.com\\\/es\\\/ocean-winds-concluye-con-exito-una-nueva-edicion-del-programa-educativo-wind-experts-en-viana-do-castelo-portugal\\\/#primaryimage\"},\"thumbnailUrl\":\"https:\\\/\\\/windfloat-atlantic.com\\\/wp-content\\\/uploads\\\/2026\\\/02\\\/Wind-Experts-2025-PT-scaled.jpg\",\"datePublished\":\"2025-07-07T14:11:22+00:00\",\"dateModified\":\"2026-04-27T14:11:37+00:00\",\"inLanguage\":\"es\",\"potentialAction\":[{\"@type\":\"ReadAction\",\"target\":[\"https:\\\/\\\/windfloat-atlantic.com\\\/es\\\/ocean-winds-concluye-con-exito-una-nueva-edicion-del-programa-educativo-wind-experts-en-viana-do-castelo-portugal\\\/\"]}]},{\"@type\":\"ImageObject\",\"inLanguage\":\"es\",\"@id\":\"https:\\\/\\\/windfloat-atlantic.com\\\/es\\\/ocean-winds-concluye-con-exito-una-nueva-edicion-del-programa-educativo-wind-experts-en-viana-do-castelo-portugal\\\/#primaryimage\",\"url\":\"https:\\\/\\\/windfloat-atlantic.com\\\/wp-content\\\/uploads\\\/2026\\\/02\\\/Wind-Experts-2025-PT-scaled.jpg\",\"contentUrl\":\"https:\\\/\\\/windfloat-atlantic.com\\\/wp-content\\\/uploads\\\/2026\\\/02\\\/Wind-Experts-2025-PT-scaled.jpg\",\"width\":2560,\"height\":1500},{\"@type\":\"WebSite\",\"@id\":\"https:\\\/\\\/windfloat-atlantic.com\\\/#website\",\"url\":\"https:\\\/\\\/windfloat-atlantic.com\\\/\",\"name\":\"Windfloat Atlantic\",\"description\":\"Offshore wind energy\",\"publisher\":{\"@id\":\"https:\\\/\\\/windfloat-atlantic.com\\\/#organization\"},\"potentialAction\":[{\"@type\":\"SearchAction\",\"target\":{\"@type\":\"EntryPoint\",\"urlTemplate\":\"https:\\\/\\\/windfloat-atlantic.com\\\/?s={search_term_string}\"},\"query-input\":{\"@type\":\"PropertyValueSpecification\",\"valueRequired\":true,\"valueName\":\"search_term_string\"}}],\"inLanguage\":\"es\"},{\"@type\":\"Organization\",\"@id\":\"https:\\\/\\\/windfloat-atlantic.com\\\/#organization\",\"name\":\"Windfloat Atlantic\",\"url\":\"https:\\\/\\\/windfloat-atlantic.com\\\/\",\"logo\":{\"@type\":\"ImageObject\",\"inLanguage\":\"es\",\"@id\":\"https:\\\/\\\/windfloat-atlantic.com\\\/#\\\/schema\\\/logo\\\/image\\\/\",\"url\":\"https:\\\/\\\/windfloat-atlantic.com\\\/wp-content\\\/uploads\\\/2022\\\/07\\\/WFA_logo_positivo.svg\",\"contentUrl\":\"https:\\\/\\\/windfloat-atlantic.com\\\/wp-content\\\/uploads\\\/2022\\\/07\\\/WFA_logo_positivo.svg\",\"width\":167,\"height\":52,\"caption\":\"Windfloat Atlantic\"},\"image\":{\"@id\":\"https:\\\/\\\/windfloat-atlantic.com\\\/#\\\/schema\\\/logo\\\/image\\\/\"}},{\"@type\":\"Person\",\"@id\":\"https:\\\/\\\/windfloat-atlantic.com\\\/#\\\/schema\\\/person\\\/def3ccdd491df4212cdb4b414f0134fb\",\"name\":\"claudia.barreiro\",\"image\":{\"@type\":\"ImageObject\",\"inLanguage\":\"es\",\"@id\":\"https:\\\/\\\/secure.gravatar.com\\\/avatar\\\/3eba9e0568cd21abbae6e65a6b1307bba990e80e63a98a612f0c7c0bd26086cd?s=96&d=mm&r=g\",\"url\":\"https:\\\/\\\/secure.gravatar.com\\\/avatar\\\/3eba9e0568cd21abbae6e65a6b1307bba990e80e63a98a612f0c7c0bd26086cd?s=96&d=mm&r=g\",\"contentUrl\":\"https:\\\/\\\/secure.gravatar.com\\\/avatar\\\/3eba9e0568cd21abbae6e65a6b1307bba990e80e63a98a612f0c7c0bd26086cd?s=96&d=mm&r=g\",\"caption\":\"claudia.barreiro\"},\"url\":\"https:\\\/\\\/windfloat-atlantic.com\\\/es\\\/author\\\/claudia-barreiro\\\/\"}]}<\/script>\n<!-- \/ Yoast SEO plugin. -->","yoast_head_json":{"title":"Ocean Winds concluye con \u00e9xito una nueva edici\u00f3n del programa educativo \u201cWind Experts\u201d en Viana do Castelo, Portugal | Windfloat Atlantic","robots":{"index":"index","follow":"follow","max-snippet":"max-snippet:-1","max-image-preview":"max-image-preview:large","max-video-preview":"max-video-preview:-1"},"canonical":"https:\/\/windfloat-atlantic.com\/es\/ocean-winds-concluye-con-exito-una-nueva-edicion-del-programa-educativo-wind-experts-en-viana-do-castelo-portugal\/","og_locale":"es_ES","og_type":"article","og_title":"Ocean Winds concluye con \u00e9xito una nueva edici\u00f3n del programa educativo \u201cWind Experts\u201d en Viana do Castelo, Portugal | Windfloat Atlantic","og_description":"Viana do Castelo, 7 de julio. Ocean Winds (una joint venture al 50\/50 entre EDP Renov\u00e1veis y ENGIE), principal accionista del parque e\u00f3lico offshore flotante WindFloat Atlantic ubicado en Viana do Castelo, ha concluido con \u00e9xito la tercera edici\u00f3n de su programa educativo \u201cWind Experts\u201d, con una ceremonia de clausura muy din\u00e1mica y participativa, que [&hellip;]","og_url":"https:\/\/windfloat-atlantic.com\/es\/ocean-winds-concluye-con-exito-una-nueva-edicion-del-programa-educativo-wind-experts-en-viana-do-castelo-portugal\/","og_site_name":"Windfloat Atlantic","article_published_time":"2025-07-07T14:11:22+00:00","article_modified_time":"2026-04-27T14:11:37+00:00","og_image":[{"width":2560,"height":1500,"url":"https:\/\/windfloat-atlantic.com\/wp-content\/uploads\/2026\/02\/Wind-Experts-2025-PT-scaled.jpg","type":"image\/jpeg"}],"author":"claudia.barreiro","twitter_card":"summary_large_image","twitter_misc":{"Escrito por":"claudia.barreiro","Tiempo de lectura":"3 minutos"},"schema":{"@context":"https:\/\/schema.org","@graph":[{"@type":"Article","@id":"https:\/\/windfloat-atlantic.com\/es\/ocean-winds-concluye-con-exito-una-nueva-edicion-del-programa-educativo-wind-experts-en-viana-do-castelo-portugal\/#article","isPartOf":{"@id":"https:\/\/windfloat-atlantic.com\/es\/ocean-winds-concluye-con-exito-una-nueva-edicion-del-programa-educativo-wind-experts-en-viana-do-castelo-portugal\/"},"author":{"name":"claudia.barreiro","@id":"https:\/\/windfloat-atlantic.com\/#\/schema\/person\/def3ccdd491df4212cdb4b414f0134fb"},"headline":"Ocean Winds concluye con \u00e9xito una nueva edici\u00f3n del programa educativo \u201cWind Experts\u201d en Viana do Castelo, Portugal","datePublished":"2025-07-07T14:11:22+00:00","dateModified":"2026-04-27T14:11:37+00:00","mainEntityOfPage":{"@id":"https:\/\/windfloat-atlantic.com\/es\/ocean-winds-concluye-con-exito-una-nueva-edicion-del-programa-educativo-wind-experts-en-viana-do-castelo-portugal\/"},"wordCount":538,"commentCount":0,"publisher":{"@id":"https:\/\/windfloat-atlantic.com\/#organization"},"image":{"@id":"https:\/\/windfloat-atlantic.com\/es\/ocean-winds-concluye-con-exito-una-nueva-edicion-del-programa-educativo-wind-experts-en-viana-do-castelo-portugal\/#primaryimage"},"thumbnailUrl":"https:\/\/windfloat-atlantic.com\/wp-content\/uploads\/2026\/02\/Wind-Experts-2025-PT-scaled.jpg","articleSection":["Sin categorizar"],"inLanguage":"es","potentialAction":[{"@type":"CommentAction","name":"Comment","target":["https:\/\/windfloat-atlantic.com\/es\/ocean-winds-concluye-con-exito-una-nueva-edicion-del-programa-educativo-wind-experts-en-viana-do-castelo-portugal\/#respond"]}]},{"@type":"WebPage","@id":"https:\/\/windfloat-atlantic.com\/es\/ocean-winds-concluye-con-exito-una-nueva-edicion-del-programa-educativo-wind-experts-en-viana-do-castelo-portugal\/","url":"https:\/\/windfloat-atlantic.com\/es\/ocean-winds-concluye-con-exito-una-nueva-edicion-del-programa-educativo-wind-experts-en-viana-do-castelo-portugal\/","name":"Ocean Winds concluye con \u00e9xito una nueva edici\u00f3n del programa educativo \u201cWind Experts\u201d en Viana do Castelo, Portugal | Windfloat Atlantic","isPartOf":{"@id":"https:\/\/windfloat-atlantic.com\/#website"},"primaryImageOfPage":{"@id":"https:\/\/windfloat-atlantic.com\/es\/ocean-winds-concluye-con-exito-una-nueva-edicion-del-programa-educativo-wind-experts-en-viana-do-castelo-portugal\/#primaryimage"},"image":{"@id":"https:\/\/windfloat-atlantic.com\/es\/ocean-winds-concluye-con-exito-una-nueva-edicion-del-programa-educativo-wind-experts-en-viana-do-castelo-portugal\/#primaryimage"},"thumbnailUrl":"https:\/\/windfloat-atlantic.com\/wp-content\/uploads\/2026\/02\/Wind-Experts-2025-PT-scaled.jpg","datePublished":"2025-07-07T14:11:22+00:00","dateModified":"2026-04-27T14:11:37+00:00","inLanguage":"es","potentialAction":[{"@type":"ReadAction","target":["https:\/\/windfloat-atlantic.com\/es\/ocean-winds-concluye-con-exito-una-nueva-edicion-del-programa-educativo-wind-experts-en-viana-do-castelo-portugal\/"]}]},{"@type":"ImageObject","inLanguage":"es","@id":"https:\/\/windfloat-atlantic.com\/es\/ocean-winds-concluye-con-exito-una-nueva-edicion-del-programa-educativo-wind-experts-en-viana-do-castelo-portugal\/#primaryimage","url":"https:\/\/windfloat-atlantic.com\/wp-content\/uploads\/2026\/02\/Wind-Experts-2025-PT-scaled.jpg","contentUrl":"https:\/\/windfloat-atlantic.com\/wp-content\/uploads\/2026\/02\/Wind-Experts-2025-PT-scaled.jpg","width":2560,"height":1500},{"@type":"WebSite","@id":"https:\/\/windfloat-atlantic.com\/#website","url":"https:\/\/windfloat-atlantic.com\/","name":"Windfloat Atlantic","description":"Offshore wind energy","publisher":{"@id":"https:\/\/windfloat-atlantic.com\/#organization"},"potentialAction":[{"@type":"SearchAction","target":{"@type":"EntryPoint","urlTemplate":"https:\/\/windfloat-atlantic.com\/?s={search_term_string}"},"query-input":{"@type":"PropertyValueSpecification","valueRequired":true,"valueName":"search_term_string"}}],"inLanguage":"es"},{"@type":"Organization","@id":"https:\/\/windfloat-atlantic.com\/#organization","name":"Windfloat Atlantic","url":"https:\/\/windfloat-atlantic.com\/","logo":{"@type":"ImageObject","inLanguage":"es","@id":"https:\/\/windfloat-atlantic.com\/#\/schema\/logo\/image\/","url":"https:\/\/windfloat-atlantic.com\/wp-content\/uploads\/2022\/07\/WFA_logo_positivo.svg","contentUrl":"https:\/\/windfloat-atlantic.com\/wp-content\/uploads\/2022\/07\/WFA_logo_positivo.svg","width":167,"height":52,"caption":"Windfloat Atlantic"},"image":{"@id":"https:\/\/windfloat-atlantic.com\/#\/schema\/logo\/image\/"}},{"@type":"Person","@id":"https:\/\/windfloat-atlantic.com\/#\/schema\/person\/def3ccdd491df4212cdb4b414f0134fb","name":"claudia.barreiro","image":{"@type":"ImageObject","inLanguage":"es","@id":"https:\/\/secure.gravatar.com\/avatar\/3eba9e0568cd21abbae6e65a6b1307bba990e80e63a98a612f0c7c0bd26086cd?s=96&d=mm&r=g","url":"https:\/\/secure.gravatar.com\/avatar\/3eba9e0568cd21abbae6e65a6b1307bba990e80e63a98a612f0c7c0bd26086cd?s=96&d=mm&r=g","contentUrl":"https:\/\/secure.gravatar.com\/avatar\/3eba9e0568cd21abbae6e65a6b1307bba990e80e63a98a612f0c7c0bd26086cd?s=96&d=mm&r=g","caption":"claudia.barreiro"},"url":"https:\/\/windfloat-atlantic.com\/es\/author\/claudia-barreiro\/"}]}},"_links":{"self":[{"href":"https:\/\/windfloat-atlantic.com\/es\/wp-json\/wp\/v2\/posts\/3099","targetHints":{"allow":["GET"]}}],"collection":[{"href":"https:\/\/windfloat-atlantic.com\/es\/wp-json\/wp\/v2\/posts"}],"about":[{"href":"https:\/\/windfloat-atlantic.com\/es\/wp-json\/wp\/v2\/types\/post"}],"author":[{"embeddable":true,"href":"https:\/\/windfloat-atlantic.com\/es\/wp-json\/wp\/v2\/users\/104"}],"replies":[{"embeddable":true,"href":"https:\/\/windfloat-atlantic.com\/es\/wp-json\/wp\/v2\/comments?post=3099"}],"version-history":[{"count":1,"href":"https:\/\/windfloat-atlantic.com\/es\/wp-json\/wp\/v2\/posts\/3099\/revisions"}],"predecessor-version":[{"id":3100,"href":"https:\/\/windfloat-atlantic.com\/es\/wp-json\/wp\/v2\/posts\/3099\/revisions\/3100"}],"wp:featuredmedia":[{"embeddable":true,"href":"https:\/\/windfloat-atlantic.com\/es\/wp-json\/wp\/v2\/media\/2819"}],"wp:attachment":[{"href":"https:\/\/windfloat-atlantic.com\/es\/wp-json\/wp\/v2\/media?parent=3099"}],"wp:term":[{"taxonomy":"category","embeddable":true,"href":"https:\/\/windfloat-atlantic.com\/es\/wp-json\/wp\/v2\/categories?post=3099"},{"taxonomy":"post_tag","embeddable":true,"href":"https:\/\/windfloat-atlantic.com\/es\/wp-json\/wp\/v2\/tags?post=3099"}],"curies":[{"name":"wp","href":"https:\/\/api.w.org\/{rel}","templated":true}]}}