{"id":3097,"date":"2025-06-20T14:09:54","date_gmt":"2025-06-20T14:09:54","guid":{"rendered":"https:\/\/windfloat-atlantic.com\/?p=3097"},"modified":"2026-04-27T14:10:08","modified_gmt":"2026-04-27T14:10:08","slug":"dia-del-puerto-de-viana-con-jornada-de-puertas-abiertas-a-windfloat-atlantic","status":"publish","type":"post","link":"https:\/\/windfloat-atlantic.com\/es\/dia-del-puerto-de-viana-con-jornada-de-puertas-abiertas-a-windfloat-atlantic\/","title":{"rendered":"\u00a1D\u00eda del Puerto de Viana con jornada de puertas abiertas a WindFloat Atlantic!"},"content":{"rendered":"\n<p>El proyecto WindFloat Atlantic celebr\u00f3 recientemente cinco a\u00f1os de operaci\u00f3n, reforzando la importancia de mantener una relaci\u00f3n abierta y din\u00e1mica con la comunidad local.<\/p>\n\n\n\n<p>La semana pasada, el equipo de WindFloat Atlantic estuvo presente en el Open Day de la APDL, en Viana do Castelo, marcando el tercer a\u00f1o consecutivo de participaci\u00f3n, con OW, accionista principal del proyecto, como patrocinador oficial.<\/p>\n\n\n\n<p>Durante la jornada, los residentes locales visitaron la base de Operaci\u00f3n y Mantenimiento (O&amp;M), donde participaron en visitas guiadas realizadas por el equipo t\u00e9cnico. La experiencia incluy\u00f3 la presentaci\u00f3n de una maqueta 3D, facilitando as\u00ed la comprensi\u00f3n de algunos aspectos t\u00e9cnicos del proyecto WFA.<\/p>\n\n\n\n<p>Por la tarde, el equipo se sum\u00f3 a una carrera organizada por la APDL que incluy\u00f3 tambi\u00e9n un recorrido por las instalaciones portuarias, una forma divertida y diferente de descubrir este entorno desde otra perspectiva.<\/p>\n\n\n\n<p>Un enorme agradecimiento a todas las personas que participaron e hicieron posible este d\u00eda tan especial.<\/p>\n\n\n\n<p><strong>\u00a1Esperamos volver a veros el pr\u00f3ximo a\u00f1o!<\/strong><\/p>\n","protected":false},"excerpt":{"rendered":"<p>El proyecto WindFloat Atlantic celebr\u00f3 recientemente cinco a\u00f1os de operaci\u00f3n, reforzando la importancia de mantener una relaci\u00f3n abierta y din\u00e1mica con la comunidad local. La semana pasada, el equipo de WindFloat Atlantic estuvo presente en el Open Day de la APDL, en Viana do Castelo, marcando el tercer a\u00f1o consecutivo de participaci\u00f3n, con OW, accionista [&hellip;]<\/p>\n","protected":false},"author":104,"featured_media":2560,"comment_status":"open","ping_status":"closed","sticky":false,"template":"","format":"standard","meta":{"_acf_changed":false,"footnotes":""},"categories":[11],"tags":[],"class_list":["post-3097","post","type-post","status-publish","format-standard","has-post-thumbnail","hentry","category-sin-categorizar"],"acf":[],"yoast_head":"<!-- This site is optimized with the Yoast SEO plugin v27.4 - https:\/\/yoast.com\/product\/yoast-seo-wordpress\/ -->\n<title>\u00a1D\u00eda del Puerto de Viana con jornada de puertas abiertas a WindFloat Atlantic! | Windfloat Atlantic<\/title>\n<meta name=\"robots\" content=\"index, follow, max-snippet:-1, max-image-preview:large, max-video-preview:-1\" \/>\n<link rel=\"canonical\" href=\"https:\/\/windfloat-atlantic.com\/es\/dia-del-puerto-de-viana-con-jornada-de-puertas-abiertas-a-windfloat-atlantic\/\" \/>\n<meta property=\"og:locale\" content=\"es_ES\" \/>\n<meta property=\"og:type\" content=\"article\" \/>\n<meta property=\"og:title\" content=\"\u00a1D\u00eda del Puerto de Viana con jornada de puertas abiertas a WindFloat Atlantic! | Windfloat Atlantic\" \/>\n<meta property=\"og:description\" content=\"El proyecto WindFloat Atlantic celebr\u00f3 recientemente cinco a\u00f1os de operaci\u00f3n, reforzando la importancia de mantener una relaci\u00f3n abierta y din\u00e1mica con la comunidad local. La semana pasada, el equipo de WindFloat Atlantic estuvo presente en el Open Day de la APDL, en Viana do Castelo, marcando el tercer a\u00f1o consecutivo de participaci\u00f3n, con OW, accionista [&hellip;]\" \/>\n<meta property=\"og:url\" content=\"https:\/\/windfloat-atlantic.com\/es\/dia-del-puerto-de-viana-con-jornada-de-puertas-abiertas-a-windfloat-atlantic\/\" \/>\n<meta property=\"og:site_name\" content=\"Windfloat Atlantic\" \/>\n<meta property=\"article:published_time\" content=\"2025-06-20T14:09:54+00:00\" \/>\n<meta property=\"article:modified_time\" content=\"2026-04-27T14:10:08+00:00\" \/>\n<meta property=\"og:image\" content=\"https:\/\/windfloat-atlantic.com\/wp-content\/uploads\/2024\/06\/WhatsApp-Image-2024-06-18-at-08.55.15.jpeg\" \/>\n\t<meta property=\"og:image:width\" content=\"1066\" \/>\n\t<meta property=\"og:image:height\" content=\"1600\" \/>\n\t<meta property=\"og:image:type\" content=\"image\/jpeg\" \/>\n<meta name=\"author\" content=\"claudia.barreiro\" \/>\n<meta name=\"twitter:card\" content=\"summary_large_image\" \/>\n<meta name=\"twitter:label1\" content=\"Escrito por\" \/>\n\t<meta name=\"twitter:data1\" content=\"claudia.barreiro\" \/>\n\t<meta name=\"twitter:label2\" content=\"Tiempo de lectura\" \/>\n\t<meta name=\"twitter:data2\" content=\"1 minuto\" \/>\n<script type=\"application\/ld+json\" class=\"yoast-schema-graph\">{\"@context\":\"https:\\\/\\\/schema.org\",\"@graph\":[{\"@type\":\"Article\",\"@id\":\"https:\\\/\\\/windfloat-atlantic.com\\\/es\\\/dia-del-puerto-de-viana-con-jornada-de-puertas-abiertas-a-windfloat-atlantic\\\/#article\",\"isPartOf\":{\"@id\":\"https:\\\/\\\/windfloat-atlantic.com\\\/es\\\/dia-del-puerto-de-viana-con-jornada-de-puertas-abiertas-a-windfloat-atlantic\\\/\"},\"author\":{\"name\":\"claudia.barreiro\",\"@id\":\"https:\\\/\\\/windfloat-atlantic.com\\\/#\\\/schema\\\/person\\\/def3ccdd491df4212cdb4b414f0134fb\"},\"headline\":\"\u00a1D\u00eda del Puerto de Viana con jornada de puertas abiertas a WindFloat Atlantic!\",\"datePublished\":\"2025-06-20T14:09:54+00:00\",\"dateModified\":\"2026-04-27T14:10:08+00:00\",\"mainEntityOfPage\":{\"@id\":\"https:\\\/\\\/windfloat-atlantic.com\\\/es\\\/dia-del-puerto-de-viana-con-jornada-de-puertas-abiertas-a-windfloat-atlantic\\\/\"},\"wordCount\":194,\"commentCount\":0,\"publisher\":{\"@id\":\"https:\\\/\\\/windfloat-atlantic.com\\\/#organization\"},\"image\":{\"@id\":\"https:\\\/\\\/windfloat-atlantic.com\\\/es\\\/dia-del-puerto-de-viana-con-jornada-de-puertas-abiertas-a-windfloat-atlantic\\\/#primaryimage\"},\"thumbnailUrl\":\"https:\\\/\\\/windfloat-atlantic.com\\\/wp-content\\\/uploads\\\/2024\\\/06\\\/WhatsApp-Image-2024-06-18-at-08.55.15.jpeg\",\"articleSection\":[\"Sin categorizar\"],\"inLanguage\":\"es\",\"potentialAction\":[{\"@type\":\"CommentAction\",\"name\":\"Comment\",\"target\":[\"https:\\\/\\\/windfloat-atlantic.com\\\/es\\\/dia-del-puerto-de-viana-con-jornada-de-puertas-abiertas-a-windfloat-atlantic\\\/#respond\"]}]},{\"@type\":\"WebPage\",\"@id\":\"https:\\\/\\\/windfloat-atlantic.com\\\/es\\\/dia-del-puerto-de-viana-con-jornada-de-puertas-abiertas-a-windfloat-atlantic\\\/\",\"url\":\"https:\\\/\\\/windfloat-atlantic.com\\\/es\\\/dia-del-puerto-de-viana-con-jornada-de-puertas-abiertas-a-windfloat-atlantic\\\/\",\"name\":\"\u00a1D\u00eda del Puerto de Viana con jornada de puertas abiertas a WindFloat Atlantic! | Windfloat Atlantic\",\"isPartOf\":{\"@id\":\"https:\\\/\\\/windfloat-atlantic.com\\\/#website\"},\"primaryImageOfPage\":{\"@id\":\"https:\\\/\\\/windfloat-atlantic.com\\\/es\\\/dia-del-puerto-de-viana-con-jornada-de-puertas-abiertas-a-windfloat-atlantic\\\/#primaryimage\"},\"image\":{\"@id\":\"https:\\\/\\\/windfloat-atlantic.com\\\/es\\\/dia-del-puerto-de-viana-con-jornada-de-puertas-abiertas-a-windfloat-atlantic\\\/#primaryimage\"},\"thumbnailUrl\":\"https:\\\/\\\/windfloat-atlantic.com\\\/wp-content\\\/uploads\\\/2024\\\/06\\\/WhatsApp-Image-2024-06-18-at-08.55.15.jpeg\",\"datePublished\":\"2025-06-20T14:09:54+00:00\",\"dateModified\":\"2026-04-27T14:10:08+00:00\",\"inLanguage\":\"es\",\"potentialAction\":[{\"@type\":\"ReadAction\",\"target\":[\"https:\\\/\\\/windfloat-atlantic.com\\\/es\\\/dia-del-puerto-de-viana-con-jornada-de-puertas-abiertas-a-windfloat-atlantic\\\/\"]}]},{\"@type\":\"ImageObject\",\"inLanguage\":\"es\",\"@id\":\"https:\\\/\\\/windfloat-atlantic.com\\\/es\\\/dia-del-puerto-de-viana-con-jornada-de-puertas-abiertas-a-windfloat-atlantic\\\/#primaryimage\",\"url\":\"https:\\\/\\\/windfloat-atlantic.com\\\/wp-content\\\/uploads\\\/2024\\\/06\\\/WhatsApp-Image-2024-06-18-at-08.55.15.jpeg\",\"contentUrl\":\"https:\\\/\\\/windfloat-atlantic.com\\\/wp-content\\\/uploads\\\/2024\\\/06\\\/WhatsApp-Image-2024-06-18-at-08.55.15.jpeg\",\"width\":1066,\"height\":1600},{\"@type\":\"WebSite\",\"@id\":\"https:\\\/\\\/windfloat-atlantic.com\\\/#website\",\"url\":\"https:\\\/\\\/windfloat-atlantic.com\\\/\",\"name\":\"Windfloat Atlantic\",\"description\":\"Offshore wind energy\",\"publisher\":{\"@id\":\"https:\\\/\\\/windfloat-atlantic.com\\\/#organization\"},\"potentialAction\":[{\"@type\":\"SearchAction\",\"target\":{\"@type\":\"EntryPoint\",\"urlTemplate\":\"https:\\\/\\\/windfloat-atlantic.com\\\/?s={search_term_string}\"},\"query-input\":{\"@type\":\"PropertyValueSpecification\",\"valueRequired\":true,\"valueName\":\"search_term_string\"}}],\"inLanguage\":\"es\"},{\"@type\":\"Organization\",\"@id\":\"https:\\\/\\\/windfloat-atlantic.com\\\/#organization\",\"name\":\"Windfloat Atlantic\",\"url\":\"https:\\\/\\\/windfloat-atlantic.com\\\/\",\"logo\":{\"@type\":\"ImageObject\",\"inLanguage\":\"es\",\"@id\":\"https:\\\/\\\/windfloat-atlantic.com\\\/#\\\/schema\\\/logo\\\/image\\\/\",\"url\":\"https:\\\/\\\/windfloat-atlantic.com\\\/wp-content\\\/uploads\\\/2022\\\/07\\\/WFA_logo_positivo.svg\",\"contentUrl\":\"https:\\\/\\\/windfloat-atlantic.com\\\/wp-content\\\/uploads\\\/2022\\\/07\\\/WFA_logo_positivo.svg\",\"width\":167,\"height\":52,\"caption\":\"Windfloat Atlantic\"},\"image\":{\"@id\":\"https:\\\/\\\/windfloat-atlantic.com\\\/#\\\/schema\\\/logo\\\/image\\\/\"}},{\"@type\":\"Person\",\"@id\":\"https:\\\/\\\/windfloat-atlantic.com\\\/#\\\/schema\\\/person\\\/def3ccdd491df4212cdb4b414f0134fb\",\"name\":\"claudia.barreiro\",\"image\":{\"@type\":\"ImageObject\",\"inLanguage\":\"es\",\"@id\":\"https:\\\/\\\/secure.gravatar.com\\\/avatar\\\/3eba9e0568cd21abbae6e65a6b1307bba990e80e63a98a612f0c7c0bd26086cd?s=96&d=mm&r=g\",\"url\":\"https:\\\/\\\/secure.gravatar.com\\\/avatar\\\/3eba9e0568cd21abbae6e65a6b1307bba990e80e63a98a612f0c7c0bd26086cd?s=96&d=mm&r=g\",\"contentUrl\":\"https:\\\/\\\/secure.gravatar.com\\\/avatar\\\/3eba9e0568cd21abbae6e65a6b1307bba990e80e63a98a612f0c7c0bd26086cd?s=96&d=mm&r=g\",\"caption\":\"claudia.barreiro\"},\"url\":\"https:\\\/\\\/windfloat-atlantic.com\\\/es\\\/author\\\/claudia-barreiro\\\/\"}]}<\/script>\n<!-- \/ Yoast SEO plugin. -->","yoast_head_json":{"title":"\u00a1D\u00eda del Puerto de Viana con jornada de puertas abiertas a WindFloat Atlantic! | Windfloat Atlantic","robots":{"index":"index","follow":"follow","max-snippet":"max-snippet:-1","max-image-preview":"max-image-preview:large","max-video-preview":"max-video-preview:-1"},"canonical":"https:\/\/windfloat-atlantic.com\/es\/dia-del-puerto-de-viana-con-jornada-de-puertas-abiertas-a-windfloat-atlantic\/","og_locale":"es_ES","og_type":"article","og_title":"\u00a1D\u00eda del Puerto de Viana con jornada de puertas abiertas a WindFloat Atlantic! | Windfloat Atlantic","og_description":"El proyecto WindFloat Atlantic celebr\u00f3 recientemente cinco a\u00f1os de operaci\u00f3n, reforzando la importancia de mantener una relaci\u00f3n abierta y din\u00e1mica con la comunidad local. La semana pasada, el equipo de WindFloat Atlantic estuvo presente en el Open Day de la APDL, en Viana do Castelo, marcando el tercer a\u00f1o consecutivo de participaci\u00f3n, con OW, accionista [&hellip;]","og_url":"https:\/\/windfloat-atlantic.com\/es\/dia-del-puerto-de-viana-con-jornada-de-puertas-abiertas-a-windfloat-atlantic\/","og_site_name":"Windfloat Atlantic","article_published_time":"2025-06-20T14:09:54+00:00","article_modified_time":"2026-04-27T14:10:08+00:00","og_image":[{"width":1066,"height":1600,"url":"https:\/\/windfloat-atlantic.com\/wp-content\/uploads\/2024\/06\/WhatsApp-Image-2024-06-18-at-08.55.15.jpeg","type":"image\/jpeg"}],"author":"claudia.barreiro","twitter_card":"summary_large_image","twitter_misc":{"Escrito por":"claudia.barreiro","Tiempo de lectura":"1 minuto"},"schema":{"@context":"https:\/\/schema.org","@graph":[{"@type":"Article","@id":"https:\/\/windfloat-atlantic.com\/es\/dia-del-puerto-de-viana-con-jornada-de-puertas-abiertas-a-windfloat-atlantic\/#article","isPartOf":{"@id":"https:\/\/windfloat-atlantic.com\/es\/dia-del-puerto-de-viana-con-jornada-de-puertas-abiertas-a-windfloat-atlantic\/"},"author":{"name":"claudia.barreiro","@id":"https:\/\/windfloat-atlantic.com\/#\/schema\/person\/def3ccdd491df4212cdb4b414f0134fb"},"headline":"\u00a1D\u00eda del Puerto de Viana con jornada de puertas abiertas a WindFloat Atlantic!","datePublished":"2025-06-20T14:09:54+00:00","dateModified":"2026-04-27T14:10:08+00:00","mainEntityOfPage":{"@id":"https:\/\/windfloat-atlantic.com\/es\/dia-del-puerto-de-viana-con-jornada-de-puertas-abiertas-a-windfloat-atlantic\/"},"wordCount":194,"commentCount":0,"publisher":{"@id":"https:\/\/windfloat-atlantic.com\/#organization"},"image":{"@id":"https:\/\/windfloat-atlantic.com\/es\/dia-del-puerto-de-viana-con-jornada-de-puertas-abiertas-a-windfloat-atlantic\/#primaryimage"},"thumbnailUrl":"https:\/\/windfloat-atlantic.com\/wp-content\/uploads\/2024\/06\/WhatsApp-Image-2024-06-18-at-08.55.15.jpeg","articleSection":["Sin categorizar"],"inLanguage":"es","potentialAction":[{"@type":"CommentAction","name":"Comment","target":["https:\/\/windfloat-atlantic.com\/es\/dia-del-puerto-de-viana-con-jornada-de-puertas-abiertas-a-windfloat-atlantic\/#respond"]}]},{"@type":"WebPage","@id":"https:\/\/windfloat-atlantic.com\/es\/dia-del-puerto-de-viana-con-jornada-de-puertas-abiertas-a-windfloat-atlantic\/","url":"https:\/\/windfloat-atlantic.com\/es\/dia-del-puerto-de-viana-con-jornada-de-puertas-abiertas-a-windfloat-atlantic\/","name":"\u00a1D\u00eda del Puerto de Viana con jornada de puertas abiertas a WindFloat Atlantic! | Windfloat Atlantic","isPartOf":{"@id":"https:\/\/windfloat-atlantic.com\/#website"},"primaryImageOfPage":{"@id":"https:\/\/windfloat-atlantic.com\/es\/dia-del-puerto-de-viana-con-jornada-de-puertas-abiertas-a-windfloat-atlantic\/#primaryimage"},"image":{"@id":"https:\/\/windfloat-atlantic.com\/es\/dia-del-puerto-de-viana-con-jornada-de-puertas-abiertas-a-windfloat-atlantic\/#primaryimage"},"thumbnailUrl":"https:\/\/windfloat-atlantic.com\/wp-content\/uploads\/2024\/06\/WhatsApp-Image-2024-06-18-at-08.55.15.jpeg","datePublished":"2025-06-20T14:09:54+00:00","dateModified":"2026-04-27T14:10:08+00:00","inLanguage":"es","potentialAction":[{"@type":"ReadAction","target":["https:\/\/windfloat-atlantic.com\/es\/dia-del-puerto-de-viana-con-jornada-de-puertas-abiertas-a-windfloat-atlantic\/"]}]},{"@type":"ImageObject","inLanguage":"es","@id":"https:\/\/windfloat-atlantic.com\/es\/dia-del-puerto-de-viana-con-jornada-de-puertas-abiertas-a-windfloat-atlantic\/#primaryimage","url":"https:\/\/windfloat-atlantic.com\/wp-content\/uploads\/2024\/06\/WhatsApp-Image-2024-06-18-at-08.55.15.jpeg","contentUrl":"https:\/\/windfloat-atlantic.com\/wp-content\/uploads\/2024\/06\/WhatsApp-Image-2024-06-18-at-08.55.15.jpeg","width":1066,"height":1600},{"@type":"WebSite","@id":"https:\/\/windfloat-atlantic.com\/#website","url":"https:\/\/windfloat-atlantic.com\/","name":"Windfloat Atlantic","description":"Offshore wind energy","publisher":{"@id":"https:\/\/windfloat-atlantic.com\/#organization"},"potentialAction":[{"@type":"SearchAction","target":{"@type":"EntryPoint","urlTemplate":"https:\/\/windfloat-atlantic.com\/?s={search_term_string}"},"query-input":{"@type":"PropertyValueSpecification","valueRequired":true,"valueName":"search_term_string"}}],"inLanguage":"es"},{"@type":"Organization","@id":"https:\/\/windfloat-atlantic.com\/#organization","name":"Windfloat Atlantic","url":"https:\/\/windfloat-atlantic.com\/","logo":{"@type":"ImageObject","inLanguage":"es","@id":"https:\/\/windfloat-atlantic.com\/#\/schema\/logo\/image\/","url":"https:\/\/windfloat-atlantic.com\/wp-content\/uploads\/2022\/07\/WFA_logo_positivo.svg","contentUrl":"https:\/\/windfloat-atlantic.com\/wp-content\/uploads\/2022\/07\/WFA_logo_positivo.svg","width":167,"height":52,"caption":"Windfloat Atlantic"},"image":{"@id":"https:\/\/windfloat-atlantic.com\/#\/schema\/logo\/image\/"}},{"@type":"Person","@id":"https:\/\/windfloat-atlantic.com\/#\/schema\/person\/def3ccdd491df4212cdb4b414f0134fb","name":"claudia.barreiro","image":{"@type":"ImageObject","inLanguage":"es","@id":"https:\/\/secure.gravatar.com\/avatar\/3eba9e0568cd21abbae6e65a6b1307bba990e80e63a98a612f0c7c0bd26086cd?s=96&d=mm&r=g","url":"https:\/\/secure.gravatar.com\/avatar\/3eba9e0568cd21abbae6e65a6b1307bba990e80e63a98a612f0c7c0bd26086cd?s=96&d=mm&r=g","contentUrl":"https:\/\/secure.gravatar.com\/avatar\/3eba9e0568cd21abbae6e65a6b1307bba990e80e63a98a612f0c7c0bd26086cd?s=96&d=mm&r=g","caption":"claudia.barreiro"},"url":"https:\/\/windfloat-atlantic.com\/es\/author\/claudia-barreiro\/"}]}},"_links":{"self":[{"href":"https:\/\/windfloat-atlantic.com\/es\/wp-json\/wp\/v2\/posts\/3097","targetHints":{"allow":["GET"]}}],"collection":[{"href":"https:\/\/windfloat-atlantic.com\/es\/wp-json\/wp\/v2\/posts"}],"about":[{"href":"https:\/\/windfloat-atlantic.com\/es\/wp-json\/wp\/v2\/types\/post"}],"author":[{"embeddable":true,"href":"https:\/\/windfloat-atlantic.com\/es\/wp-json\/wp\/v2\/users\/104"}],"replies":[{"embeddable":true,"href":"https:\/\/windfloat-atlantic.com\/es\/wp-json\/wp\/v2\/comments?post=3097"}],"version-history":[{"count":1,"href":"https:\/\/windfloat-atlantic.com\/es\/wp-json\/wp\/v2\/posts\/3097\/revisions"}],"predecessor-version":[{"id":3098,"href":"https:\/\/windfloat-atlantic.com\/es\/wp-json\/wp\/v2\/posts\/3097\/revisions\/3098"}],"wp:featuredmedia":[{"embeddable":true,"href":"https:\/\/windfloat-atlantic.com\/es\/wp-json\/wp\/v2\/media\/2560"}],"wp:attachment":[{"href":"https:\/\/windfloat-atlantic.com\/es\/wp-json\/wp\/v2\/media?parent=3097"}],"wp:term":[{"taxonomy":"category","embeddable":true,"href":"https:\/\/windfloat-atlantic.com\/es\/wp-json\/wp\/v2\/categories?post=3097"},{"taxonomy":"post_tag","embeddable":true,"href":"https:\/\/windfloat-atlantic.com\/es\/wp-json\/wp\/v2\/tags?post=3097"}],"curies":[{"name":"wp","href":"https:\/\/api.w.org\/{rel}","templated":true}]}}