{"id":3093,"date":"2025-03-20T14:04:04","date_gmt":"2025-03-20T14:04:04","guid":{"rendered":"https:\/\/windfloat-atlantic.com\/?p=3093"},"modified":"2026-04-27T14:04:25","modified_gmt":"2026-04-27T14:04:25","slug":"reconociendo-el-papel-fundamental-de-los-oceanos","status":"publish","type":"post","link":"https:\/\/windfloat-atlantic.com\/es\/reconociendo-el-papel-fundamental-de-los-oceanos\/","title":{"rendered":"\u00a1Reconociendo el papel fundamental de los oc\u00e9anos!"},"content":{"rendered":"\n<p>El equipo de WindFloat Atlantic particip\u00f3 recientemente en la iniciativa <strong>Protecting the Oceans,<\/strong> un programa internacional creado por Ocean Winds, accionista mayoritario del proyecto WindFloat Atlantic, con el objetivo de concienciar sobre la importancia de la preservaci\u00f3n y conservaci\u00f3n de los ecosistemas marinos y costeros, con especial \u00e9nfasis en la lucha contra la contaminaci\u00f3n marina a trav\u00e9s de acciones de monitorizaci\u00f3n y limpieza de playas.<\/p>\n\n\n\n<p>Estas iniciativas tienen como objetivo sensibilizar sobre el impacto de los residuos marinos en estos ecosistemas, destacando especialmente la presencia de pl\u00e1sticos, poner en valor la importancia de la protecci\u00f3n y conservaci\u00f3n de la biodiversidad e incentivar una ciudadan\u00eda activa.<\/p>\n\n\n\n<p>Al mismo tiempo, contribuyen a la creaci\u00f3n de un entorno m\u00e1s sostenible, actuando a nivel local en las comunidades donde el proyecto est\u00e1 presente y protegiendo las \u00e1reas circundantes.<\/p>\n\n\n\n<p>Esta semana, el equipo tuvo la oportunidad de limpiar la <strong>Praia do Cabedelo, en Viana do Castelo, <\/strong>donde se encuentra WindFloat Atlantic. La actividad cont\u00f3 con el apoyo de la APLM &#8211; Associa\u00e7\u00e3o Portuguesa do Lixo Marinho y se llev\u00f3 a cabo en colaboraci\u00f3n con entidades locales, como el Ayuntamiento de Viana do Castelo, reuniendo a m\u00e1s de 40 participantes.<\/p>\n\n\n\n<p>Un sincero agradecimiento a todas las personas que contribuyeron a esta edici\u00f3n especial de Protecting the Oceans.<\/p>\n\n\n\n<p><\/p>\n","protected":false},"excerpt":{"rendered":"<p>El equipo de WindFloat Atlantic particip\u00f3 recientemente en la iniciativa Protecting the Oceans, un programa internacional creado por Ocean Winds, accionista mayoritario del proyecto WindFloat Atlantic, con el objetivo de concienciar sobre la importancia de la preservaci\u00f3n y conservaci\u00f3n de los ecosistemas marinos y costeros, con especial \u00e9nfasis en la lucha contra la contaminaci\u00f3n marina [&hellip;]<\/p>\n","protected":false},"author":104,"featured_media":2834,"comment_status":"open","ping_status":"closed","sticky":false,"template":"","format":"standard","meta":{"_acf_changed":false,"footnotes":""},"categories":[11],"tags":[],"class_list":["post-3093","post","type-post","status-publish","format-standard","has-post-thumbnail","hentry","category-sin-categorizar"],"acf":[],"yoast_head":"<!-- This site is optimized with the Yoast SEO plugin v27.4 - https:\/\/yoast.com\/product\/yoast-seo-wordpress\/ -->\n<title>\u00a1Reconociendo el papel fundamental de los oc\u00e9anos! | Windfloat Atlantic<\/title>\n<meta name=\"robots\" content=\"index, follow, max-snippet:-1, max-image-preview:large, max-video-preview:-1\" \/>\n<link rel=\"canonical\" href=\"https:\/\/windfloat-atlantic.com\/es\/reconociendo-el-papel-fundamental-de-los-oceanos\/\" \/>\n<meta property=\"og:locale\" content=\"es_ES\" \/>\n<meta property=\"og:type\" content=\"article\" \/>\n<meta property=\"og:title\" content=\"\u00a1Reconociendo el papel fundamental de los oc\u00e9anos! | Windfloat Atlantic\" \/>\n<meta property=\"og:description\" content=\"El equipo de WindFloat Atlantic particip\u00f3 recientemente en la iniciativa Protecting the Oceans, un programa internacional creado por Ocean Winds, accionista mayoritario del proyecto WindFloat Atlantic, con el objetivo de concienciar sobre la importancia de la preservaci\u00f3n y conservaci\u00f3n de los ecosistemas marinos y costeros, con especial \u00e9nfasis en la lucha contra la contaminaci\u00f3n marina [&hellip;]\" \/>\n<meta property=\"og:url\" content=\"https:\/\/windfloat-atlantic.com\/es\/reconociendo-el-papel-fundamental-de-los-oceanos\/\" \/>\n<meta property=\"og:site_name\" content=\"Windfloat Atlantic\" \/>\n<meta property=\"article:published_time\" content=\"2025-03-20T14:04:04+00:00\" \/>\n<meta property=\"article:modified_time\" content=\"2026-04-27T14:04:25+00:00\" \/>\n<meta property=\"og:image\" content=\"https:\/\/windfloat-atlantic.com\/wp-content\/uploads\/2025\/03\/OceanWinds_VianaCastelo__36-1-scaled.jpg\" \/>\n\t<meta property=\"og:image:width\" content=\"2560\" \/>\n\t<meta property=\"og:image:height\" content=\"1707\" \/>\n\t<meta property=\"og:image:type\" content=\"image\/jpeg\" \/>\n<meta name=\"author\" content=\"claudia.barreiro\" \/>\n<meta name=\"twitter:card\" content=\"summary_large_image\" \/>\n<meta name=\"twitter:label1\" content=\"Escrito por\" \/>\n\t<meta name=\"twitter:data1\" content=\"claudia.barreiro\" \/>\n\t<meta name=\"twitter:label2\" content=\"Tiempo de lectura\" \/>\n\t<meta name=\"twitter:data2\" content=\"2 minutos\" \/>\n<script type=\"application\/ld+json\" class=\"yoast-schema-graph\">{\"@context\":\"https:\\\/\\\/schema.org\",\"@graph\":[{\"@type\":\"Article\",\"@id\":\"https:\\\/\\\/windfloat-atlantic.com\\\/es\\\/reconociendo-el-papel-fundamental-de-los-oceanos\\\/#article\",\"isPartOf\":{\"@id\":\"https:\\\/\\\/windfloat-atlantic.com\\\/es\\\/reconociendo-el-papel-fundamental-de-los-oceanos\\\/\"},\"author\":{\"name\":\"claudia.barreiro\",\"@id\":\"https:\\\/\\\/windfloat-atlantic.com\\\/#\\\/schema\\\/person\\\/def3ccdd491df4212cdb4b414f0134fb\"},\"headline\":\"\u00a1Reconociendo el papel fundamental de los oc\u00e9anos!\",\"datePublished\":\"2025-03-20T14:04:04+00:00\",\"dateModified\":\"2026-04-27T14:04:25+00:00\",\"mainEntityOfPage\":{\"@id\":\"https:\\\/\\\/windfloat-atlantic.com\\\/es\\\/reconociendo-el-papel-fundamental-de-los-oceanos\\\/\"},\"wordCount\":233,\"commentCount\":0,\"publisher\":{\"@id\":\"https:\\\/\\\/windfloat-atlantic.com\\\/#organization\"},\"image\":{\"@id\":\"https:\\\/\\\/windfloat-atlantic.com\\\/es\\\/reconociendo-el-papel-fundamental-de-los-oceanos\\\/#primaryimage\"},\"thumbnailUrl\":\"https:\\\/\\\/windfloat-atlantic.com\\\/wp-content\\\/uploads\\\/2025\\\/03\\\/OceanWinds_VianaCastelo__36-1-scaled.jpg\",\"articleSection\":[\"Sin categorizar\"],\"inLanguage\":\"es\",\"potentialAction\":[{\"@type\":\"CommentAction\",\"name\":\"Comment\",\"target\":[\"https:\\\/\\\/windfloat-atlantic.com\\\/es\\\/reconociendo-el-papel-fundamental-de-los-oceanos\\\/#respond\"]}]},{\"@type\":\"WebPage\",\"@id\":\"https:\\\/\\\/windfloat-atlantic.com\\\/es\\\/reconociendo-el-papel-fundamental-de-los-oceanos\\\/\",\"url\":\"https:\\\/\\\/windfloat-atlantic.com\\\/es\\\/reconociendo-el-papel-fundamental-de-los-oceanos\\\/\",\"name\":\"\u00a1Reconociendo el papel fundamental de los oc\u00e9anos! | Windfloat Atlantic\",\"isPartOf\":{\"@id\":\"https:\\\/\\\/windfloat-atlantic.com\\\/#website\"},\"primaryImageOfPage\":{\"@id\":\"https:\\\/\\\/windfloat-atlantic.com\\\/es\\\/reconociendo-el-papel-fundamental-de-los-oceanos\\\/#primaryimage\"},\"image\":{\"@id\":\"https:\\\/\\\/windfloat-atlantic.com\\\/es\\\/reconociendo-el-papel-fundamental-de-los-oceanos\\\/#primaryimage\"},\"thumbnailUrl\":\"https:\\\/\\\/windfloat-atlantic.com\\\/wp-content\\\/uploads\\\/2025\\\/03\\\/OceanWinds_VianaCastelo__36-1-scaled.jpg\",\"datePublished\":\"2025-03-20T14:04:04+00:00\",\"dateModified\":\"2026-04-27T14:04:25+00:00\",\"inLanguage\":\"es\",\"potentialAction\":[{\"@type\":\"ReadAction\",\"target\":[\"https:\\\/\\\/windfloat-atlantic.com\\\/es\\\/reconociendo-el-papel-fundamental-de-los-oceanos\\\/\"]}]},{\"@type\":\"ImageObject\",\"inLanguage\":\"es\",\"@id\":\"https:\\\/\\\/windfloat-atlantic.com\\\/es\\\/reconociendo-el-papel-fundamental-de-los-oceanos\\\/#primaryimage\",\"url\":\"https:\\\/\\\/windfloat-atlantic.com\\\/wp-content\\\/uploads\\\/2025\\\/03\\\/OceanWinds_VianaCastelo__36-1-scaled.jpg\",\"contentUrl\":\"https:\\\/\\\/windfloat-atlantic.com\\\/wp-content\\\/uploads\\\/2025\\\/03\\\/OceanWinds_VianaCastelo__36-1-scaled.jpg\",\"width\":2560,\"height\":1707},{\"@type\":\"WebSite\",\"@id\":\"https:\\\/\\\/windfloat-atlantic.com\\\/#website\",\"url\":\"https:\\\/\\\/windfloat-atlantic.com\\\/\",\"name\":\"Windfloat Atlantic\",\"description\":\"Offshore wind energy\",\"publisher\":{\"@id\":\"https:\\\/\\\/windfloat-atlantic.com\\\/#organization\"},\"potentialAction\":[{\"@type\":\"SearchAction\",\"target\":{\"@type\":\"EntryPoint\",\"urlTemplate\":\"https:\\\/\\\/windfloat-atlantic.com\\\/?s={search_term_string}\"},\"query-input\":{\"@type\":\"PropertyValueSpecification\",\"valueRequired\":true,\"valueName\":\"search_term_string\"}}],\"inLanguage\":\"es\"},{\"@type\":\"Organization\",\"@id\":\"https:\\\/\\\/windfloat-atlantic.com\\\/#organization\",\"name\":\"Windfloat Atlantic\",\"url\":\"https:\\\/\\\/windfloat-atlantic.com\\\/\",\"logo\":{\"@type\":\"ImageObject\",\"inLanguage\":\"es\",\"@id\":\"https:\\\/\\\/windfloat-atlantic.com\\\/#\\\/schema\\\/logo\\\/image\\\/\",\"url\":\"https:\\\/\\\/windfloat-atlantic.com\\\/wp-content\\\/uploads\\\/2022\\\/07\\\/WFA_logo_positivo.svg\",\"contentUrl\":\"https:\\\/\\\/windfloat-atlantic.com\\\/wp-content\\\/uploads\\\/2022\\\/07\\\/WFA_logo_positivo.svg\",\"width\":167,\"height\":52,\"caption\":\"Windfloat Atlantic\"},\"image\":{\"@id\":\"https:\\\/\\\/windfloat-atlantic.com\\\/#\\\/schema\\\/logo\\\/image\\\/\"}},{\"@type\":\"Person\",\"@id\":\"https:\\\/\\\/windfloat-atlantic.com\\\/#\\\/schema\\\/person\\\/def3ccdd491df4212cdb4b414f0134fb\",\"name\":\"claudia.barreiro\",\"image\":{\"@type\":\"ImageObject\",\"inLanguage\":\"es\",\"@id\":\"https:\\\/\\\/secure.gravatar.com\\\/avatar\\\/3eba9e0568cd21abbae6e65a6b1307bba990e80e63a98a612f0c7c0bd26086cd?s=96&d=mm&r=g\",\"url\":\"https:\\\/\\\/secure.gravatar.com\\\/avatar\\\/3eba9e0568cd21abbae6e65a6b1307bba990e80e63a98a612f0c7c0bd26086cd?s=96&d=mm&r=g\",\"contentUrl\":\"https:\\\/\\\/secure.gravatar.com\\\/avatar\\\/3eba9e0568cd21abbae6e65a6b1307bba990e80e63a98a612f0c7c0bd26086cd?s=96&d=mm&r=g\",\"caption\":\"claudia.barreiro\"},\"url\":\"https:\\\/\\\/windfloat-atlantic.com\\\/es\\\/author\\\/claudia-barreiro\\\/\"}]}<\/script>\n<!-- \/ Yoast SEO plugin. -->","yoast_head_json":{"title":"\u00a1Reconociendo el papel fundamental de los oc\u00e9anos! | Windfloat Atlantic","robots":{"index":"index","follow":"follow","max-snippet":"max-snippet:-1","max-image-preview":"max-image-preview:large","max-video-preview":"max-video-preview:-1"},"canonical":"https:\/\/windfloat-atlantic.com\/es\/reconociendo-el-papel-fundamental-de-los-oceanos\/","og_locale":"es_ES","og_type":"article","og_title":"\u00a1Reconociendo el papel fundamental de los oc\u00e9anos! | Windfloat Atlantic","og_description":"El equipo de WindFloat Atlantic particip\u00f3 recientemente en la iniciativa Protecting the Oceans, un programa internacional creado por Ocean Winds, accionista mayoritario del proyecto WindFloat Atlantic, con el objetivo de concienciar sobre la importancia de la preservaci\u00f3n y conservaci\u00f3n de los ecosistemas marinos y costeros, con especial \u00e9nfasis en la lucha contra la contaminaci\u00f3n marina [&hellip;]","og_url":"https:\/\/windfloat-atlantic.com\/es\/reconociendo-el-papel-fundamental-de-los-oceanos\/","og_site_name":"Windfloat Atlantic","article_published_time":"2025-03-20T14:04:04+00:00","article_modified_time":"2026-04-27T14:04:25+00:00","og_image":[{"width":2560,"height":1707,"url":"https:\/\/windfloat-atlantic.com\/wp-content\/uploads\/2025\/03\/OceanWinds_VianaCastelo__36-1-scaled.jpg","type":"image\/jpeg"}],"author":"claudia.barreiro","twitter_card":"summary_large_image","twitter_misc":{"Escrito por":"claudia.barreiro","Tiempo de lectura":"2 minutos"},"schema":{"@context":"https:\/\/schema.org","@graph":[{"@type":"Article","@id":"https:\/\/windfloat-atlantic.com\/es\/reconociendo-el-papel-fundamental-de-los-oceanos\/#article","isPartOf":{"@id":"https:\/\/windfloat-atlantic.com\/es\/reconociendo-el-papel-fundamental-de-los-oceanos\/"},"author":{"name":"claudia.barreiro","@id":"https:\/\/windfloat-atlantic.com\/#\/schema\/person\/def3ccdd491df4212cdb4b414f0134fb"},"headline":"\u00a1Reconociendo el papel fundamental de los oc\u00e9anos!","datePublished":"2025-03-20T14:04:04+00:00","dateModified":"2026-04-27T14:04:25+00:00","mainEntityOfPage":{"@id":"https:\/\/windfloat-atlantic.com\/es\/reconociendo-el-papel-fundamental-de-los-oceanos\/"},"wordCount":233,"commentCount":0,"publisher":{"@id":"https:\/\/windfloat-atlantic.com\/#organization"},"image":{"@id":"https:\/\/windfloat-atlantic.com\/es\/reconociendo-el-papel-fundamental-de-los-oceanos\/#primaryimage"},"thumbnailUrl":"https:\/\/windfloat-atlantic.com\/wp-content\/uploads\/2025\/03\/OceanWinds_VianaCastelo__36-1-scaled.jpg","articleSection":["Sin categorizar"],"inLanguage":"es","potentialAction":[{"@type":"CommentAction","name":"Comment","target":["https:\/\/windfloat-atlantic.com\/es\/reconociendo-el-papel-fundamental-de-los-oceanos\/#respond"]}]},{"@type":"WebPage","@id":"https:\/\/windfloat-atlantic.com\/es\/reconociendo-el-papel-fundamental-de-los-oceanos\/","url":"https:\/\/windfloat-atlantic.com\/es\/reconociendo-el-papel-fundamental-de-los-oceanos\/","name":"\u00a1Reconociendo el papel fundamental de los oc\u00e9anos! | Windfloat Atlantic","isPartOf":{"@id":"https:\/\/windfloat-atlantic.com\/#website"},"primaryImageOfPage":{"@id":"https:\/\/windfloat-atlantic.com\/es\/reconociendo-el-papel-fundamental-de-los-oceanos\/#primaryimage"},"image":{"@id":"https:\/\/windfloat-atlantic.com\/es\/reconociendo-el-papel-fundamental-de-los-oceanos\/#primaryimage"},"thumbnailUrl":"https:\/\/windfloat-atlantic.com\/wp-content\/uploads\/2025\/03\/OceanWinds_VianaCastelo__36-1-scaled.jpg","datePublished":"2025-03-20T14:04:04+00:00","dateModified":"2026-04-27T14:04:25+00:00","inLanguage":"es","potentialAction":[{"@type":"ReadAction","target":["https:\/\/windfloat-atlantic.com\/es\/reconociendo-el-papel-fundamental-de-los-oceanos\/"]}]},{"@type":"ImageObject","inLanguage":"es","@id":"https:\/\/windfloat-atlantic.com\/es\/reconociendo-el-papel-fundamental-de-los-oceanos\/#primaryimage","url":"https:\/\/windfloat-atlantic.com\/wp-content\/uploads\/2025\/03\/OceanWinds_VianaCastelo__36-1-scaled.jpg","contentUrl":"https:\/\/windfloat-atlantic.com\/wp-content\/uploads\/2025\/03\/OceanWinds_VianaCastelo__36-1-scaled.jpg","width":2560,"height":1707},{"@type":"WebSite","@id":"https:\/\/windfloat-atlantic.com\/#website","url":"https:\/\/windfloat-atlantic.com\/","name":"Windfloat Atlantic","description":"Offshore wind energy","publisher":{"@id":"https:\/\/windfloat-atlantic.com\/#organization"},"potentialAction":[{"@type":"SearchAction","target":{"@type":"EntryPoint","urlTemplate":"https:\/\/windfloat-atlantic.com\/?s={search_term_string}"},"query-input":{"@type":"PropertyValueSpecification","valueRequired":true,"valueName":"search_term_string"}}],"inLanguage":"es"},{"@type":"Organization","@id":"https:\/\/windfloat-atlantic.com\/#organization","name":"Windfloat Atlantic","url":"https:\/\/windfloat-atlantic.com\/","logo":{"@type":"ImageObject","inLanguage":"es","@id":"https:\/\/windfloat-atlantic.com\/#\/schema\/logo\/image\/","url":"https:\/\/windfloat-atlantic.com\/wp-content\/uploads\/2022\/07\/WFA_logo_positivo.svg","contentUrl":"https:\/\/windfloat-atlantic.com\/wp-content\/uploads\/2022\/07\/WFA_logo_positivo.svg","width":167,"height":52,"caption":"Windfloat Atlantic"},"image":{"@id":"https:\/\/windfloat-atlantic.com\/#\/schema\/logo\/image\/"}},{"@type":"Person","@id":"https:\/\/windfloat-atlantic.com\/#\/schema\/person\/def3ccdd491df4212cdb4b414f0134fb","name":"claudia.barreiro","image":{"@type":"ImageObject","inLanguage":"es","@id":"https:\/\/secure.gravatar.com\/avatar\/3eba9e0568cd21abbae6e65a6b1307bba990e80e63a98a612f0c7c0bd26086cd?s=96&d=mm&r=g","url":"https:\/\/secure.gravatar.com\/avatar\/3eba9e0568cd21abbae6e65a6b1307bba990e80e63a98a612f0c7c0bd26086cd?s=96&d=mm&r=g","contentUrl":"https:\/\/secure.gravatar.com\/avatar\/3eba9e0568cd21abbae6e65a6b1307bba990e80e63a98a612f0c7c0bd26086cd?s=96&d=mm&r=g","caption":"claudia.barreiro"},"url":"https:\/\/windfloat-atlantic.com\/es\/author\/claudia-barreiro\/"}]}},"_links":{"self":[{"href":"https:\/\/windfloat-atlantic.com\/es\/wp-json\/wp\/v2\/posts\/3093","targetHints":{"allow":["GET"]}}],"collection":[{"href":"https:\/\/windfloat-atlantic.com\/es\/wp-json\/wp\/v2\/posts"}],"about":[{"href":"https:\/\/windfloat-atlantic.com\/es\/wp-json\/wp\/v2\/types\/post"}],"author":[{"embeddable":true,"href":"https:\/\/windfloat-atlantic.com\/es\/wp-json\/wp\/v2\/users\/104"}],"replies":[{"embeddable":true,"href":"https:\/\/windfloat-atlantic.com\/es\/wp-json\/wp\/v2\/comments?post=3093"}],"version-history":[{"count":1,"href":"https:\/\/windfloat-atlantic.com\/es\/wp-json\/wp\/v2\/posts\/3093\/revisions"}],"predecessor-version":[{"id":3094,"href":"https:\/\/windfloat-atlantic.com\/es\/wp-json\/wp\/v2\/posts\/3093\/revisions\/3094"}],"wp:featuredmedia":[{"embeddable":true,"href":"https:\/\/windfloat-atlantic.com\/es\/wp-json\/wp\/v2\/media\/2834"}],"wp:attachment":[{"href":"https:\/\/windfloat-atlantic.com\/es\/wp-json\/wp\/v2\/media?parent=3093"}],"wp:term":[{"taxonomy":"category","embeddable":true,"href":"https:\/\/windfloat-atlantic.com\/es\/wp-json\/wp\/v2\/categories?post=3093"},{"taxonomy":"post_tag","embeddable":true,"href":"https:\/\/windfloat-atlantic.com\/es\/wp-json\/wp\/v2\/tags?post=3093"}],"curies":[{"name":"wp","href":"https:\/\/api.w.org\/{rel}","templated":true}]}}